{"id":171,"date":"2024-12-17T20:05:22","date_gmt":"2024-12-17T20:05:22","guid":{"rendered":"https:\/\/www.llanacarretillas.com\/?p=171"},"modified":"2024-12-17T20:05:23","modified_gmt":"2024-12-17T20:05:23","slug":"llana-carretillas-y-el-real-oviedo-unen-sus-caminos","status":"publish","type":"post","link":"https:\/\/www.llanacarretillas.com\/index.php\/2024\/12\/17\/llana-carretillas-y-el-real-oviedo-unen-sus-caminos\/","title":{"rendered":"Llana Carretillas y el Real Oviedo unen sus caminos"},"content":{"rendered":"\n<p>El Carlos Tartiere acogi\u00f3 este martes la firma de un nuevo acuerdo de patrocinio por el que la empresa&nbsp;<em>Llana Carretillas&nbsp;<\/em>se compromete con la entidad azul por una temporada. Con esta nueva uni\u00f3n, la empresa se suma al proyecto de la instituci\u00f3n carbayona y contribuye a que el Club logre alcanzar los proyectos y desaf\u00edos marcados. Adem\u00e1s de formar parte del Club de Negocios, la empresa tambi\u00e9n tendr\u00e1 soporte f\u00edsico en el Carlos Tartiere.<\/p>\n\n\n\n<p>Miriam Llana y Jes\u00fas Garc\u00eda, propietarios de&nbsp;<em>Llana Carretillas,&nbsp;<\/em>estuvieron presentes en la firma del acuerdo por parte de la empresa asturiana, mientras que Mart\u00edn Pel\u00e1ez y Manuel Paredes, represent\u00f3 al Club de la capital del Principado.&nbsp;<\/p>\n","protected":false},"excerpt":{"rendered":"<p>El Carlos Tartiere acogi\u00f3 este martes la firma de un nuevo acuerdo de patrocinio por el que la empresa&nbsp;Llana Carretillas&nbsp;se compromete con la entidad azul por una temporada. Con esta nueva uni\u00f3n, la empresa se suma al proyecto de la instituci\u00f3n carbayona y contribuye a que el Club logre alcanzar los proyectos y desaf\u00edos marcados. [&hellip;]<\/p>\n","protected":false},"author":1,"featured_media":172,"comment_status":"open","ping_status":"open","sticky":false,"template":"","format":"standard","meta":{"_et_pb_use_builder":"off","_et_pb_old_content":"","_et_gb_content_width":"","_joinchat":[],"footnotes":""},"categories":[1],"tags":[],"class_list":["post-171","post","type-post","status-publish","format-standard","has-post-thumbnail","hentry","category-sin-categoria"],"_links":{"self":[{"href":"https:\/\/www.llanacarretillas.com\/index.php\/wp-json\/wp\/v2\/posts\/171","targetHints":{"allow":["GET"]}}],"collection":[{"href":"https:\/\/www.llanacarretillas.com\/index.php\/wp-json\/wp\/v2\/posts"}],"about":[{"href":"https:\/\/www.llanacarretillas.com\/index.php\/wp-json\/wp\/v2\/types\/post"}],"author":[{"embeddable":true,"href":"https:\/\/www.llanacarretillas.com\/index.php\/wp-json\/wp\/v2\/users\/1"}],"replies":[{"embeddable":true,"href":"https:\/\/www.llanacarretillas.com\/index.php\/wp-json\/wp\/v2\/comments?post=171"}],"version-history":[{"count":1,"href":"https:\/\/www.llanacarretillas.com\/index.php\/wp-json\/wp\/v2\/posts\/171\/revisions"}],"predecessor-version":[{"id":173,"href":"https:\/\/www.llanacarretillas.com\/index.php\/wp-json\/wp\/v2\/posts\/171\/revisions\/173"}],"wp:featuredmedia":[{"embeddable":true,"href":"https:\/\/www.llanacarretillas.com\/index.php\/wp-json\/wp\/v2\/media\/172"}],"wp:attachment":[{"href":"https:\/\/www.llanacarretillas.com\/index.php\/wp-json\/wp\/v2\/media?parent=171"}],"wp:term":[{"taxonomy":"category","embeddable":true,"href":"https:\/\/www.llanacarretillas.com\/index.php\/wp-json\/wp\/v2\/categories?post=171"},{"taxonomy":"post_tag","embeddable":true,"href":"https:\/\/www.llanacarretillas.com\/index.php\/wp-json\/wp\/v2\/tags?post=171"}],"curies":[{"name":"wp","href":"https:\/\/api.w.org\/{rel}","templated":true}]}}